{"id":749,"date":"2007-05-20T20:39:45","date_gmt":"2007-05-21T02:39:45","guid":{"rendered":"http:\/\/www.ilanlieberman.com\/wp\/\/?p=749"},"modified":"2017-06-30T19:45:16","modified_gmt":"2017-07-01T01:45:16","slug":"piezas-sonadas","status":"publish","type":"post","link":"http:\/\/www.ilanlieberman.com\/en\/works\/2007\/piezas-sonadas\/","title":{"rendered":"Dream Works"},"content":{"rendered":"<p>Since the end of 2006 I have had recurrent dreams that include works of art (which do not exist in waking reality) by many different artists, including myself, and anonymous works. The following works were based on drawings and written accounts of some of these works.<\/p>\n<p>&nbsp;<\/p>\n<p>&nbsp;<\/p>\n<p>October 14, 2006<br \/>\n&#8220;In this dream, I was standing in front of a painting made by C\u00e9sar N\u00fa\u00f1ez and Roger Von Gunten. The piece was approximately 63 x 47 inches, with a dark blue background, an orange structure and various round, bright blots. The largest and most central of these blots of paint was pink but <span class=\"dream\"><span class=\"dream\">not thoroughly mixed and<\/span><\/span><span class=\"dream\"><span class=\"dream\"> it seemed to be covered by glossy varnish. It was not clear which artist was responsible for each part of the painting.<\/span><\/span><span class=\"midtext\">&#8221;<br \/>\n<\/span><\/p>\n<p><img loading=\"lazy\" decoding=\"async\" class=\"alignnone wp-image-853\" src=\"http:\/\/www.ilanlieberman.com\/wp\/\/wp-content\/uploads\/2007\/05\/sueno1.jpg\" alt=\"sueno1\" width=\"465\" height=\"618\" srcset=\"http:\/\/www.ilanlieberman.com\/wp-content\/uploads\/2007\/05\/sueno1.jpg 640w, http:\/\/www.ilanlieberman.com\/wp-content\/uploads\/2007\/05\/sueno1-226x300.jpg 226w\" sizes=\"auto, (max-width: 465px) 100vw, 465px\" \/><br \/>\n<em>Dream #1 (C\u00e9sar N\u00fa\u00f1ez and Roger Von Gunten)<\/em><br \/>\nOil and enamel on canvas<br \/>\n64 x 48 inches<br \/>\n2007<\/p>\n<p>&nbsp;<\/p>\n<p><span class=\"midtext\"><span class=\"dream\"><br \/>\nOctober 18, 2006.<br \/>\n&#8220;In this dream, Liset Castillo took me to visit her studio, which looked like an auto repair shop or a poorly lit barn. With help from her assistants, she showed me a strange hanging piece, composed of animal-shaped flowerpots and other figures (I particularly recall a dog). A diversity of plants could be observed in the pots, which hung from bright luminescent tubes. There were also stars on the top section of the hanging structure.&#8221;<\/span><\/span><\/p>\n\n\t\t<style type=\"text\/css\">\n\t\t\t#gallery-7 {\n\t\t\t\tmargin: auto;\n\t\t\t}\n\t\t\t#gallery-7 .gallery-item {\n\t\t\t\tfloat: left;\n\t\t\t\tmargin-top: 10px;\n\t\t\t\ttext-align: center;\n\t\t\t\twidth: 33%;\n\t\t\t}\n\t\t\t#gallery-7 img {\n\t\t\t\tborder: 2px solid #cfcfcf;\n\t\t\t}\n\t\t\t#gallery-7 .gallery-caption {\n\t\t\t\tmargin-left: 0;\n\t\t\t}\n\t\t\t\/* see gallery_shortcode() in wp-includes\/media.php *\/\n\t\t<\/style>\n\t\t<div id='gallery-7' class='gallery galleryid-749 gallery-columns-3 gallery-size-thumbnail'><dl class='gallery-item'>\n\t\t\t<dt class='gallery-icon portrait'>\n\t\t\t\t<a href='http:\/\/www.ilanlieberman.com\/en\/works\/2007\/piezas-sonadas\/attachment\/sueno2a\/'><img loading=\"lazy\" decoding=\"async\" width=\"150\" height=\"150\" src=\"http:\/\/www.ilanlieberman.com\/wp-content\/uploads\/2007\/05\/sueno2a-150x150.jpg\" class=\"attachment-thumbnail size-thumbnail\" alt=\"\" \/><\/a>\n\t\t\t<\/dt><\/dl><dl class='gallery-item'>\n\t\t\t<dt class='gallery-icon landscape'>\n\t\t\t\t<a href='http:\/\/www.ilanlieberman.com\/en\/works\/2007\/piezas-sonadas\/attachment\/sueno2b\/'><img loading=\"lazy\" decoding=\"async\" width=\"150\" height=\"150\" src=\"http:\/\/www.ilanlieberman.com\/wp-content\/uploads\/2007\/05\/sueno2b-150x150.jpg\" class=\"attachment-thumbnail size-thumbnail\" alt=\"\" \/><\/a>\n\t\t\t<\/dt><\/dl><dl class='gallery-item'>\n\t\t\t<dt class='gallery-icon landscape'>\n\t\t\t\t<a href='http:\/\/www.ilanlieberman.com\/en\/works\/2007\/piezas-sonadas\/attachment\/sueno2c\/'><img loading=\"lazy\" decoding=\"async\" width=\"150\" height=\"150\" src=\"http:\/\/www.ilanlieberman.com\/wp-content\/uploads\/2007\/05\/sueno2c-150x150.jpg\" class=\"attachment-thumbnail size-thumbnail\" alt=\"\" \/><\/a>\n\t\t\t<\/dt><\/dl><br style=\"clear: both\" \/>\n\t\t<\/div>\n\n<p><em>Dream #2 (Liset Castillo)<\/em><br \/>\nInstallation<br \/>\nvariable size<br \/>\n2008<\/p>\n<p>&nbsp;<\/p>\n<p>October 19, 2006<br \/>\n&#8220;In this dream I was in front of a work by Louise Heller. The piece was rectangular and composed of white rectangles of different heights; their sides were covered by primary and secondary colors, reminiscent of Mondrian\u2019s paintings. There were also phrases written over the white surfaces (but I cannot remember what they said). I also don\u2019t recall if the piece was set on the floor or hanging on the wall.&#8221;<\/p>\n\n\t\t<style type=\"text\/css\">\n\t\t\t#gallery-8 {\n\t\t\t\tmargin: auto;\n\t\t\t}\n\t\t\t#gallery-8 .gallery-item {\n\t\t\t\tfloat: left;\n\t\t\t\tmargin-top: 10px;\n\t\t\t\ttext-align: center;\n\t\t\t\twidth: 33%;\n\t\t\t}\n\t\t\t#gallery-8 img {\n\t\t\t\tborder: 2px solid #cfcfcf;\n\t\t\t}\n\t\t\t#gallery-8 .gallery-caption {\n\t\t\t\tmargin-left: 0;\n\t\t\t}\n\t\t\t\/* see gallery_shortcode() in wp-includes\/media.php *\/\n\t\t<\/style>\n\t\t<div id='gallery-8' class='gallery galleryid-749 gallery-columns-3 gallery-size-thumbnail'><dl class='gallery-item'>\n\t\t\t<dt class='gallery-icon landscape'>\n\t\t\t\t<a href='http:\/\/www.ilanlieberman.com\/en\/works\/2007\/piezas-sonadas\/attachment\/sueno3a\/'><img loading=\"lazy\" decoding=\"async\" width=\"150\" height=\"150\" src=\"http:\/\/www.ilanlieberman.com\/wp-content\/uploads\/2007\/05\/sueno3a-150x150.jpg\" class=\"attachment-thumbnail size-thumbnail\" alt=\"\" \/><\/a>\n\t\t\t<\/dt><\/dl><dl class='gallery-item'>\n\t\t\t<dt class='gallery-icon landscape'>\n\t\t\t\t<a href='http:\/\/www.ilanlieberman.com\/en\/works\/2007\/piezas-sonadas\/attachment\/sueno3b\/'><img loading=\"lazy\" decoding=\"async\" width=\"150\" height=\"150\" src=\"http:\/\/www.ilanlieberman.com\/wp-content\/uploads\/2007\/05\/sueno3b-150x150.jpg\" class=\"attachment-thumbnail size-thumbnail\" alt=\"\" \/><\/a>\n\t\t\t<\/dt><\/dl><dl class='gallery-item'>\n\t\t\t<dt class='gallery-icon landscape'>\n\t\t\t\t<a href='http:\/\/www.ilanlieberman.com\/en\/works\/2007\/piezas-sonadas\/attachment\/sueno3d\/'><img loading=\"lazy\" decoding=\"async\" width=\"150\" height=\"150\" src=\"http:\/\/www.ilanlieberman.com\/wp-content\/uploads\/2007\/05\/sueno3d-150x150.jpg\" class=\"attachment-thumbnail size-thumbnail\" alt=\"\" \/><\/a>\n\t\t\t<\/dt><\/dl><br style=\"clear: both\" \/>\n\t\t<\/div>\n\n<p><em>Dream #3 (Louise Heller)<\/em><br \/>\nAcrylic on MDF<br \/>\n6.6 x 59 x 40.6 inches<br \/>\n2008<\/p>\n<p>&nbsp;<\/p>\n<p>December 3, 2006<br \/>\n&#8220;I dreamt that I was in a plowed field and there was a person standing beside one of the fields in front of me at some distance. I got closer to him and realized it was Gabriel Orozco. His hair started to move in the wind, and suddenly he began to levitate in the air, he extended his arms to his sides and, doing so, he placed himself on top of the left plot and slowly began to lean forward to a horizontal position. Then he began to fly from one plot to the next, and as he did so, the form and the color of the left parcel spread onto the right one. The color of the earth was ocher.&#8221;<\/p>\n<p><iframe loading=\"lazy\" title=\"El P\u00e1jaro\" src=\"https:\/\/player.vimeo.com\/video\/167976924?dnt=1&amp;app_id=122963\" width=\"500\" height=\"281\" frameborder=\"0\" allow=\"autoplay; fullscreen; picture-in-picture; clipboard-write\"><\/iframe><\/p>\n<p><em>El p\u00e1jaro \u2013 Dream #4 (Gabriel Orozco) <\/em><br \/>\nVideo animation<br \/>\n1&#8242; 23&#8221;<br \/>\n2010<\/p>\n<p>&nbsp;<\/p>\n<p>August 1, 2007<br \/>\n&#8220;I was in a solo show of my work at Pepe Arcaute\u2019s gallery that had been put together very hastily. There was a piece I didn\u2019t like, but I had found a way to improve it. I entered a dark room where you could hear the sound of a projector (probably a slide projector). The wall was lit by the projecting light, but my idea was to paint the lit section of the wall gray so you couldn&#8217;t see the difference between the lit part of the wall and the unlit part, in other words, the reflection of light on the wall was not noticeable.&#8221;<\/p>\n\n\t\t<style type=\"text\/css\">\n\t\t\t#gallery-9 {\n\t\t\t\tmargin: auto;\n\t\t\t}\n\t\t\t#gallery-9 .gallery-item {\n\t\t\t\tfloat: left;\n\t\t\t\tmargin-top: 10px;\n\t\t\t\ttext-align: center;\n\t\t\t\twidth: 33%;\n\t\t\t}\n\t\t\t#gallery-9 img {\n\t\t\t\tborder: 2px solid #cfcfcf;\n\t\t\t}\n\t\t\t#gallery-9 .gallery-caption {\n\t\t\t\tmargin-left: 0;\n\t\t\t}\n\t\t\t\/* see gallery_shortcode() in wp-includes\/media.php *\/\n\t\t<\/style>\n\t\t<div id='gallery-9' class='gallery galleryid-749 gallery-columns-3 gallery-size-thumbnail'><dl class='gallery-item'>\n\t\t\t<dt class='gallery-icon landscape'>\n\t\t\t\t<a href='http:\/\/www.ilanlieberman.com\/en\/works\/2007\/piezas-sonadas\/attachment\/sueno6a\/'><img loading=\"lazy\" decoding=\"async\" width=\"150\" height=\"150\" src=\"http:\/\/www.ilanlieberman.com\/wp-content\/uploads\/2007\/05\/sueno6a-150x150.jpg\" class=\"attachment-thumbnail size-thumbnail\" alt=\"\" \/><\/a>\n\t\t\t<\/dt><\/dl><dl class='gallery-item'>\n\t\t\t<dt class='gallery-icon landscape'>\n\t\t\t\t<a href='http:\/\/www.ilanlieberman.com\/en\/works\/2007\/piezas-sonadas\/attachment\/sueno6b\/'><img loading=\"lazy\" decoding=\"async\" width=\"150\" height=\"150\" src=\"http:\/\/www.ilanlieberman.com\/wp-content\/uploads\/2007\/05\/sueno6b-150x150.jpg\" class=\"attachment-thumbnail size-thumbnail\" alt=\"\" \/><\/a>\n\t\t\t<\/dt><\/dl>\n\t\t\t<br style='clear: both' \/>\n\t\t<\/div>\n\n<p><em>Dream #6 (Il\u00e1n Lieberman)<\/em><br \/>\nInstallation<br \/>\nvariable size<br \/>\n2008<\/p>\n<p>&nbsp;<\/p>\n<p>August 27, 2007<br \/>\n&#8220;In a dark room I saw a large knitted garment hanging on a rope and lit by a single spotlight from above. (In a semi-conscious state, I thought of asking Mazahua indigenous women to help me make the piece). The garment resembled a large pair of trousers approximately 9&#8217;8&#8243; in length. It was not clear who had made it.&#8221;<\/p>\n<p><img loading=\"lazy\" decoding=\"async\" class=\"alignnone wp-image-868 size-full\" src=\"http:\/\/www.ilanlieberman.com\/wp\/\/wp-content\/uploads\/2007\/05\/sueno7.jpg\" alt=\"sueno7\" width=\"1243\" height=\"652\" srcset=\"http:\/\/www.ilanlieberman.com\/wp-content\/uploads\/2007\/05\/sueno7.jpg 1243w, http:\/\/www.ilanlieberman.com\/wp-content\/uploads\/2007\/05\/sueno7-300x157.jpg 300w, http:\/\/www.ilanlieberman.com\/wp-content\/uploads\/2007\/05\/sueno7-768x403.jpg 768w, http:\/\/www.ilanlieberman.com\/wp-content\/uploads\/2007\/05\/sueno7-1024x537.jpg 1024w\" sizes=\"auto, (max-width: 1243px) 100vw, 1243px\" \/><br \/>\n<em>Dream #7 (anonymous)<\/em><br \/>\nwool, foam, rope and lighting<br \/>\nvariable size<br \/>\n2008<\/p>\n<p>&nbsp;<\/p>\n<p>September 7, 2007.<br \/>\n&#8220;In the second part of the dream, a character similar to Avi Angel offered me a show in an alternative space. I proposed a large figure dressed in black and wearing a hat; its face and hands were vermilion red, one fist was considerably larger than the other and he was smiling in a sinister way. The idea was that the work would be installed in a large room with high ceilings, so that a huge version would be needed.&#8221;<\/p>\n\n\t\t<style type=\"text\/css\">\n\t\t\t#gallery-10 {\n\t\t\t\tmargin: auto;\n\t\t\t}\n\t\t\t#gallery-10 .gallery-item {\n\t\t\t\tfloat: left;\n\t\t\t\tmargin-top: 10px;\n\t\t\t\ttext-align: center;\n\t\t\t\twidth: 33%;\n\t\t\t}\n\t\t\t#gallery-10 img {\n\t\t\t\tborder: 2px solid #cfcfcf;\n\t\t\t}\n\t\t\t#gallery-10 .gallery-caption {\n\t\t\t\tmargin-left: 0;\n\t\t\t}\n\t\t\t\/* see gallery_shortcode() in wp-includes\/media.php *\/\n\t\t<\/style>\n\t\t<div id='gallery-10' class='gallery galleryid-749 gallery-columns-3 gallery-size-thumbnail'><dl class='gallery-item'>\n\t\t\t<dt class='gallery-icon portrait'>\n\t\t\t\t<a href='http:\/\/www.ilanlieberman.com\/en\/works\/2007\/piezas-sonadas\/attachment\/sueno9a\/'><img loading=\"lazy\" decoding=\"async\" width=\"150\" height=\"150\" src=\"http:\/\/www.ilanlieberman.com\/wp-content\/uploads\/2007\/05\/sueno9a-150x150.jpg\" class=\"attachment-thumbnail size-thumbnail\" alt=\"\" \/><\/a>\n\t\t\t<\/dt><\/dl><dl class='gallery-item'>\n\t\t\t<dt class='gallery-icon landscape'>\n\t\t\t\t<a href='http:\/\/www.ilanlieberman.com\/en\/works\/2007\/piezas-sonadas\/attachment\/sueno9b\/'><img loading=\"lazy\" decoding=\"async\" width=\"150\" height=\"150\" src=\"http:\/\/www.ilanlieberman.com\/wp-content\/uploads\/2007\/05\/sueno9b-150x150.jpg\" class=\"attachment-thumbnail size-thumbnail\" alt=\"\" \/><\/a>\n\t\t\t<\/dt><\/dl>\n\t\t\t<br style='clear: both' \/>\n\t\t<\/div>\n\n<p><em>Dream #9\u00a0(Il\u00e1n Lieberman)<\/em><br \/>\nInflatable<br \/>\n2010<\/p>\n<p>&nbsp;<\/p>\n<p>September 17, 2007<br \/>\n&#8220;In the dream there was a sort of aluminum window that I had made, with a division in the middle and a loosely woven canvas stretched on the back. In the lower left-hand corner there were four holes in the glass (where one could put his finger). Francis Al\u00ffs came to see the work, and he seemed to like it. He said he could have made such a piece, and I thought he would like to buy it. I took the work off the wall to show him the back of it. On the upper right-hand side (seen from behind) my own signature was painted in dark green; it had the form of the window.&#8221;<\/p>\n\n\t\t<style type=\"text\/css\">\n\t\t\t#gallery-11 {\n\t\t\t\tmargin: auto;\n\t\t\t}\n\t\t\t#gallery-11 .gallery-item {\n\t\t\t\tfloat: left;\n\t\t\t\tmargin-top: 10px;\n\t\t\t\ttext-align: center;\n\t\t\t\twidth: 33%;\n\t\t\t}\n\t\t\t#gallery-11 img {\n\t\t\t\tborder: 2px solid #cfcfcf;\n\t\t\t}\n\t\t\t#gallery-11 .gallery-caption {\n\t\t\t\tmargin-left: 0;\n\t\t\t}\n\t\t\t\/* see gallery_shortcode() in wp-includes\/media.php *\/\n\t\t<\/style>\n\t\t<div id='gallery-11' class='gallery galleryid-749 gallery-columns-3 gallery-size-thumbnail'><dl class='gallery-item'>\n\t\t\t<dt class='gallery-icon landscape'>\n\t\t\t\t<a href='http:\/\/www.ilanlieberman.com\/en\/works\/2007\/piezas-sonadas\/attachment\/sueno11\/'><img loading=\"lazy\" decoding=\"async\" width=\"150\" height=\"150\" src=\"http:\/\/www.ilanlieberman.com\/wp-content\/uploads\/2007\/05\/sueno11-150x150.jpg\" class=\"attachment-thumbnail size-thumbnail\" alt=\"\" \/><\/a>\n\t\t\t<\/dt><\/dl><dl class='gallery-item'>\n\t\t\t<dt class='gallery-icon landscape'>\n\t\t\t\t<a href='http:\/\/www.ilanlieberman.com\/en\/works\/2007\/piezas-sonadas\/attachment\/sueno11b\/'><img loading=\"lazy\" decoding=\"async\" width=\"150\" height=\"150\" src=\"http:\/\/www.ilanlieberman.com\/wp-content\/uploads\/2007\/05\/sueno11b-150x150.jpg\" class=\"attachment-thumbnail size-thumbnail\" alt=\"\" \/><\/a>\n\t\t\t<\/dt><\/dl>\n\t\t\t<br style='clear: both' \/>\n\t\t<\/div>\n\n<p><em>Dream #11 (Il\u00e1n Lieberman)<\/em><br \/>\nAluminum, glass and acrylic on jute<br \/>\n28.9 x 39.4 x 2.95 inches<br \/>\n2007<\/p>\n<p>&nbsp;<\/p>\n<p>October 10, 2007<br \/>\n&#8220;In the dream I was in a building watching a <span class=\"dream\">modernist style building with a zigzag design<\/span><span class=\"dream\"> in front, where I saw a work by Terence Gower made of rectangular metallic plates, mounted on the upper part of the facade.\u00a0 The plates followed the form of the building and were rusty (and apparently lacquered). In a semi-conscious state, I thought the plates should be painted red (the color the artist uses in his real-life work).&#8221;<\/span><\/p>\n<p class=\"dream\"><img loading=\"lazy\" decoding=\"async\" class=\"alignnone wp-image-876\" src=\"http:\/\/www.ilanlieberman.com\/wp\/\/wp-content\/uploads\/2007\/05\/sueno13.jpg\" alt=\"sueno13\" width=\"644\" height=\"618\" srcset=\"http:\/\/www.ilanlieberman.com\/wp-content\/uploads\/2007\/05\/sueno13.jpg 850w, http:\/\/www.ilanlieberman.com\/wp-content\/uploads\/2007\/05\/sueno13-300x288.jpg 300w, http:\/\/www.ilanlieberman.com\/wp-content\/uploads\/2007\/05\/sueno13-768x737.jpg 768w\" sizes=\"auto, (max-width: 644px) 100vw, 644px\" \/><\/p>\n<p><em>Dream #13 (Terence Gower)<\/em><br \/>\nAcrylic on MDF, rusted and lacquered steel.<br \/>\n17.7 x 18.6 x 16.6 inches<br \/>\n2010<\/p>\n<p>&nbsp;<\/p>\n<p>October 31, 2007<br \/>\n&#8220;I was supposed to take a few early works by Alberto Gutierrez Chong (from the 1970s) for a show. His works hung on the walls of his house and I had to carry them, so I was checking how many I could hold. The second piece, which I saw in an intermediate state, was an abstract collage made of strips cut out of magazines and placed on a white paper.&#8221;<\/p>\n<p><img loading=\"lazy\" decoding=\"async\" class=\"alignnone wp-image-878\" src=\"http:\/\/www.ilanlieberman.com\/wp\/\/wp-content\/uploads\/2007\/05\/sueno14.jpg\" alt=\"sueno14\" width=\"519\" height=\"618\" srcset=\"http:\/\/www.ilanlieberman.com\/wp-content\/uploads\/2007\/05\/sueno14.jpg 714w, http:\/\/www.ilanlieberman.com\/wp-content\/uploads\/2007\/05\/sueno14-252x300.jpg 252w\" sizes=\"auto, (max-width: 519px) 100vw, 519px\" \/><\/p>\n<p><em>Dream #14 (Alberto Guti\u00e9rrez Chong)<\/em><br \/>\nCollage on paper<br \/>\n11.85 x 9 inches<br \/>\n2007<\/p>\n<p>&nbsp;<\/p>\n<p>March 18, 2008<br \/>\n&#8220;I showed Monica Manzutto my work. She seemed to be acquainted with it already and showed me a work of mine from 1996. It was a figure made of my own paintings of that time and wooden stretchers, measuring approximately 6&#8242; 7&#8243;, and was placed in a large warehouse. I told Monica that my work had improved since then, but she seemed to like it.&#8221;<\/p>\n\n\t\t<style type=\"text\/css\">\n\t\t\t#gallery-12 {\n\t\t\t\tmargin: auto;\n\t\t\t}\n\t\t\t#gallery-12 .gallery-item {\n\t\t\t\tfloat: left;\n\t\t\t\tmargin-top: 10px;\n\t\t\t\ttext-align: center;\n\t\t\t\twidth: 33%;\n\t\t\t}\n\t\t\t#gallery-12 img {\n\t\t\t\tborder: 2px solid #cfcfcf;\n\t\t\t}\n\t\t\t#gallery-12 .gallery-caption {\n\t\t\t\tmargin-left: 0;\n\t\t\t}\n\t\t\t\/* see gallery_shortcode() in wp-includes\/media.php *\/\n\t\t<\/style>\n\t\t<div id='gallery-12' class='gallery galleryid-749 gallery-columns-3 gallery-size-thumbnail'><dl class='gallery-item'>\n\t\t\t<dt class='gallery-icon portrait'>\n\t\t\t\t<a href='http:\/\/www.ilanlieberman.com\/en\/works\/2007\/piezas-sonadas\/attachment\/sueno27a\/'><img loading=\"lazy\" decoding=\"async\" width=\"150\" height=\"150\" src=\"http:\/\/www.ilanlieberman.com\/wp-content\/uploads\/2007\/05\/sueno27a-150x150.jpg\" class=\"attachment-thumbnail size-thumbnail\" alt=\"\" \/><\/a>\n\t\t\t<\/dt><\/dl><dl class='gallery-item'>\n\t\t\t<dt class='gallery-icon portrait'>\n\t\t\t\t<a href='http:\/\/www.ilanlieberman.com\/en\/works\/2007\/piezas-sonadas\/attachment\/sueno27a2\/'><img loading=\"lazy\" decoding=\"async\" width=\"150\" height=\"150\" src=\"http:\/\/www.ilanlieberman.com\/wp-content\/uploads\/2007\/05\/sueno27a2-150x150.jpg\" class=\"attachment-thumbnail size-thumbnail\" alt=\"\" \/><\/a>\n\t\t\t<\/dt><\/dl>\n\t\t\t<br style='clear: both' \/>\n\t\t<\/div>\n\n<p><em>Dream #27 (Il\u00e1n Lieberman)<\/em><br \/>\nOil on canvas and wooden stretchers<br \/>\n94.5 x 60 x 21 inches<br \/>\n2010<\/p>\n<p>&nbsp;<\/p>\n<p>August 8, 2008<br \/>\n&#8220;A kid&#8217;s white flannel pajama top, folded inside a carton made of light boxboard (of the type that is white on the inside and brown on the outside). The title of the work was <em>Abajo<\/em> (down) and I believe my son Bruno made it.&#8221;<\/p>\n<p class=\"dream\"><img loading=\"lazy\" decoding=\"async\" class=\"alignnone wp-image-882 size-full\" src=\"http:\/\/www.ilanlieberman.com\/wp\/\/wp-content\/uploads\/2007\/05\/sueno39.jpg\" alt=\"sueno39\" width=\"850\" height=\"568\" srcset=\"http:\/\/www.ilanlieberman.com\/wp-content\/uploads\/2007\/05\/sueno39.jpg 850w, http:\/\/www.ilanlieberman.com\/wp-content\/uploads\/2007\/05\/sueno39-300x200.jpg 300w, http:\/\/www.ilanlieberman.com\/wp-content\/uploads\/2007\/05\/sueno39-768x513.jpg 768w\" sizes=\"auto, (max-width: 850px) 100vw, 850px\" \/><\/p>\n<p><em>Abajo &#8211; Dream #39 (Bruno Lieberman)<\/em><br \/>\nFlannel pajama top, boxboard, Plexiglas case.<br \/>\n5.9 x 12.7 x 14.7 inches<br \/>\n2010<\/p>\n<p>&nbsp;<\/p>\n<p>March 1, 2009<br \/>\n&#8220;I was taken to see the art collection of an Israeli family living in a Mexican village. The collection was composed of donations by the artists. The second work I remember was a self-portrait by William S. Burroughs made of pinkish marble stones, set on a flat surface. The portrait &#8220;emerged&#8221; suddenly (as shapes in clouds do) and I also distinguished in the work another angle of his face.&#8221;<\/p>\n<p><img loading=\"lazy\" decoding=\"async\" class=\"alignnone wp-image-883\" src=\"http:\/\/www.ilanlieberman.com\/wp\/\/wp-content\/uploads\/2007\/05\/sueno46.jpg\" alt=\"sueno46\" width=\"507\" height=\"618\" srcset=\"http:\/\/www.ilanlieberman.com\/wp-content\/uploads\/2007\/05\/sueno46.jpg 698w, http:\/\/www.ilanlieberman.com\/wp-content\/uploads\/2007\/05\/sueno46-246x300.jpg 246w\" sizes=\"auto, (max-width: 507px) 100vw, 507px\" \/><br \/>\n<em>Dream #46 (Self portrait of William S. Burroughs)<\/em><br \/>\nMarblestones and acrylic on MDF<br \/>\n31.88 x 26 x 4.33 inches (framed)<br \/>\n2010<\/p>","protected":false},"excerpt":{"rendered":"<p>Since the end of 2006 I have had recurrent dreams that include works of art (which do not exist in waking reality) by many different artists, including myself, and anonymous works. The following works were based on drawings and written accounts of some of these works. &nbsp; &nbsp; October 14, 2006 &#8220;In this dream, I [&hellip;]<\/p>\n","protected":false},"author":3,"featured_media":772,"comment_status":"open","ping_status":"open","sticky":false,"template":"","format":"standard","meta":{"footnotes":""},"categories":[10],"tags":[],"class_list":["post-749","post","type-post","status-publish","format-standard","has-post-thumbnail","hentry","category-works"],"wps_subtitle":"2007\u2013","_links":{"self":[{"href":"http:\/\/www.ilanlieberman.com\/en\/wp-json\/wp\/v2\/posts\/749","targetHints":{"allow":["GET"]}}],"collection":[{"href":"http:\/\/www.ilanlieberman.com\/en\/wp-json\/wp\/v2\/posts"}],"about":[{"href":"http:\/\/www.ilanlieberman.com\/en\/wp-json\/wp\/v2\/types\/post"}],"author":[{"embeddable":true,"href":"http:\/\/www.ilanlieberman.com\/en\/wp-json\/wp\/v2\/users\/3"}],"replies":[{"embeddable":true,"href":"http:\/\/www.ilanlieberman.com\/en\/wp-json\/wp\/v2\/comments?post=749"}],"version-history":[{"count":55,"href":"http:\/\/www.ilanlieberman.com\/en\/wp-json\/wp\/v2\/posts\/749\/revisions"}],"predecessor-version":[{"id":1481,"href":"http:\/\/www.ilanlieberman.com\/en\/wp-json\/wp\/v2\/posts\/749\/revisions\/1481"}],"wp:featuredmedia":[{"embeddable":true,"href":"http:\/\/www.ilanlieberman.com\/en\/wp-json\/wp\/v2\/media\/772"}],"wp:attachment":[{"href":"http:\/\/www.ilanlieberman.com\/en\/wp-json\/wp\/v2\/media?parent=749"}],"wp:term":[{"taxonomy":"category","embeddable":true,"href":"http:\/\/www.ilanlieberman.com\/en\/wp-json\/wp\/v2\/categories?post=749"},{"taxonomy":"post_tag","embeddable":true,"href":"http:\/\/www.ilanlieberman.com\/en\/wp-json\/wp\/v2\/tags?post=749"}],"curies":[{"name":"wp","href":"https:\/\/api.w.org\/{rel}","templated":true}]}}