{"id":2410,"date":"2024-08-07T18:02:59","date_gmt":"2024-08-08T00:02:59","guid":{"rendered":"http:\/\/www.ilanlieberman.com\/?p=2410"},"modified":"2026-02-16T17:24:58","modified_gmt":"2026-02-16T23:24:58","slug":"hasvistoa","status":"publish","type":"post","link":"http:\/\/www.ilanlieberman.com\/en\/works\/2024\/hasvistoa\/","title":{"rendered":"Haveyouseen..?"},"content":{"rendered":"<p>&nbsp;<\/p>\r\n\r\n<p>A series of site-specific installations, each composed of multiple portraits of young women who recently disappeared in Mexico, based on the same image, the one used for their search from the Attorney General&#8217;s Office website, where the person&#8217;s information and circumstances of disappearance is also included.<\/p>\r\n\r\n<p><img loading=\"lazy\" decoding=\"async\" width=\"618\" height=\"824\" class=\"wp-image-2417\" src=\"http:\/\/www.ilanlieberman.com\/wp-content\/uploads\/2024\/08\/IMG_7489ch.jpg\" alt=\"\" srcset=\"http:\/\/www.ilanlieberman.com\/wp-content\/uploads\/2024\/08\/IMG_7489ch.jpg 618w, http:\/\/www.ilanlieberman.com\/wp-content\/uploads\/2024\/08\/IMG_7489ch-225x300.jpg 225w\" sizes=\"auto, (max-width: 618px) 100vw, 618px\" \/><\/p>\r\n\r\n<p>Exhibition view at <em>Estudio Marte<\/em>, Mexico City, February-March 2024.<br \/><em>\u00bfHasvistoa.. Raquel Elisabeth Guti\u00e9rrez Ru\u00edz?<\/em>, acrylic on nonwoven fabric, variable size, 2023-2024.<\/p>\r\n<p><img loading=\"lazy\" decoding=\"async\" width=\"618\" height=\"824\" class=\"wp-image-2418\" src=\"http:\/\/www.ilanlieberman.com\/wp-content\/uploads\/2024\/08\/IMG_7490ch.jpg\" alt=\"\" srcset=\"http:\/\/www.ilanlieberman.com\/wp-content\/uploads\/2024\/08\/IMG_7490ch.jpg 618w, http:\/\/www.ilanlieberman.com\/wp-content\/uploads\/2024\/08\/IMG_7490ch-225x300.jpg 225w\" sizes=\"auto, (max-width: 618px) 100vw, 618px\" \/><\/p>\r\n<p><img loading=\"lazy\" decoding=\"async\" width=\"618\" height=\"824\" class=\"wp-image-2421\" src=\"http:\/\/www.ilanlieberman.com\/wp-content\/uploads\/2024\/08\/IMG_7520ch.jpg\" alt=\"\" srcset=\"http:\/\/www.ilanlieberman.com\/wp-content\/uploads\/2024\/08\/IMG_7520ch.jpg 618w, http:\/\/www.ilanlieberman.com\/wp-content\/uploads\/2024\/08\/IMG_7520ch-225x300.jpg 225w\" sizes=\"auto, (max-width: 618px) 100vw, 618px\" \/><\/p>\r\n<p><img loading=\"lazy\" decoding=\"async\" width=\"618\" height=\"824\" class=\"wp-image-2420\" src=\"http:\/\/www.ilanlieberman.com\/wp-content\/uploads\/2024\/08\/IMG_7518ch.jpg\" alt=\"\" srcset=\"http:\/\/www.ilanlieberman.com\/wp-content\/uploads\/2024\/08\/IMG_7518ch.jpg 618w, http:\/\/www.ilanlieberman.com\/wp-content\/uploads\/2024\/08\/IMG_7518ch-225x300.jpg 225w\" sizes=\"auto, (max-width: 618px) 100vw, 618px\" \/><\/p>\r\n<p><img loading=\"lazy\" decoding=\"async\" width=\"816\" height=\"618\" class=\"wp-image-2422\" src=\"http:\/\/www.ilanlieberman.com\/wp-content\/uploads\/2024\/08\/generaFichaPDFraquel.jpg\" alt=\"\" srcset=\"http:\/\/www.ilanlieberman.com\/wp-content\/uploads\/2024\/08\/generaFichaPDFraquel.jpg 816w, http:\/\/www.ilanlieberman.com\/wp-content\/uploads\/2024\/08\/generaFichaPDFraquel-300x227.jpg 300w, http:\/\/www.ilanlieberman.com\/wp-content\/uploads\/2024\/08\/generaFichaPDFraquel-768x582.jpg 768w\" sizes=\"auto, (max-width: 816px) 100vw, 816px\" \/><\/p>\r\n<p>&nbsp;<\/p>\r\n<p>Exhibition view of \u00bf<em>Hecho consumado?; memoria hist\u00f3rica, civismo cr\u00edtico y arte contempor\u00e1neo<\/em>, Complejo Cultural Los Pinos, Mexico City, February-March 2024. <br \/><em>\u00bfHasvistoa.. Gabriela Guadalupe Hern\u00e1ndez P\u00e9rez?<\/em>, acrylic on nonwoven fabric, variable size, 2023-2024.<\/p>\r\n<p><\/p>\r\n<p><img loading=\"lazy\" decoding=\"async\" width=\"618\" height=\"927\" class=\"wp-image-2414\" src=\"http:\/\/www.ilanlieberman.com\/wp-content\/uploads\/2024\/08\/0E4A0046ch.jpg\" alt=\"\" srcset=\"http:\/\/www.ilanlieberman.com\/wp-content\/uploads\/2024\/08\/0E4A0046ch.jpg 618w, http:\/\/www.ilanlieberman.com\/wp-content\/uploads\/2024\/08\/0E4A0046ch-200x300.jpg 200w\" sizes=\"auto, (max-width: 618px) 100vw, 618px\" \/><\/p>\r\n<p><img loading=\"lazy\" decoding=\"async\" width=\"618\" height=\"824\" class=\"wp-image-2415\" src=\"http:\/\/www.ilanlieberman.com\/wp-content\/uploads\/2024\/08\/IMG_7651ch.jpg\" alt=\"\" srcset=\"http:\/\/www.ilanlieberman.com\/wp-content\/uploads\/2024\/08\/IMG_7651ch.jpg 618w, http:\/\/www.ilanlieberman.com\/wp-content\/uploads\/2024\/08\/IMG_7651ch-225x300.jpg 225w\" sizes=\"auto, (max-width: 618px) 100vw, 618px\" \/><\/p>\r\n<p><img loading=\"lazy\" decoding=\"async\" class=\"alignnone size-full wp-image-2466\" src=\"http:\/\/www.ilanlieberman.com\/wp-content\/uploads\/2024\/10\/IMG_7730-copia.jpg\" alt=\"\" width=\"824\" height=\"618\" srcset=\"http:\/\/www.ilanlieberman.com\/wp-content\/uploads\/2024\/10\/IMG_7730-copia.jpg 824w, http:\/\/www.ilanlieberman.com\/wp-content\/uploads\/2024\/10\/IMG_7730-copia-300x225.jpg 300w, http:\/\/www.ilanlieberman.com\/wp-content\/uploads\/2024\/10\/IMG_7730-copia-768x576.jpg 768w\" sizes=\"auto, (max-width: 824px) 100vw, 824px\" \/><\/p>\r\n<p><img loading=\"lazy\" decoding=\"async\" width=\"816\" height=\"618\" class=\"wp-image-2416\" src=\"http:\/\/www.ilanlieberman.com\/wp-content\/uploads\/2024\/08\/generaFichaPDFgabriela.jpg\" alt=\"\" srcset=\"http:\/\/www.ilanlieberman.com\/wp-content\/uploads\/2024\/08\/generaFichaPDFgabriela.jpg 816w, http:\/\/www.ilanlieberman.com\/wp-content\/uploads\/2024\/08\/generaFichaPDFgabriela-300x227.jpg 300w, http:\/\/www.ilanlieberman.com\/wp-content\/uploads\/2024\/08\/generaFichaPDFgabriela-768x582.jpg 768w\" sizes=\"auto, (max-width: 816px) 100vw, 816px\" \/><\/p>\r\n<!-- \/wp:post-content -->","protected":false},"excerpt":{"rendered":"<p>&nbsp; A series of site-specific installations, each composed of multiple portraits of young women who recently disappeared in Mexico, based on the same image, the one used for their search from the Attorney General&#8217;s Office website, where the person&#8217;s information and circumstances of disappearance is also included. Exhibition view at Estudio Marte, Mexico City, February-March [&hellip;]<\/p>\n","protected":false},"author":3,"featured_media":2423,"comment_status":"open","ping_status":"open","sticky":false,"template":"","format":"standard","meta":{"footnotes":""},"categories":[10],"tags":[],"class_list":["post-2410","post","type-post","status-publish","format-standard","has-post-thumbnail","hentry","category-works"],"wps_subtitle":"2024","_links":{"self":[{"href":"http:\/\/www.ilanlieberman.com\/en\/wp-json\/wp\/v2\/posts\/2410","targetHints":{"allow":["GET"]}}],"collection":[{"href":"http:\/\/www.ilanlieberman.com\/en\/wp-json\/wp\/v2\/posts"}],"about":[{"href":"http:\/\/www.ilanlieberman.com\/en\/wp-json\/wp\/v2\/types\/post"}],"author":[{"embeddable":true,"href":"http:\/\/www.ilanlieberman.com\/en\/wp-json\/wp\/v2\/users\/3"}],"replies":[{"embeddable":true,"href":"http:\/\/www.ilanlieberman.com\/en\/wp-json\/wp\/v2\/comments?post=2410"}],"version-history":[{"count":28,"href":"http:\/\/www.ilanlieberman.com\/en\/wp-json\/wp\/v2\/posts\/2410\/revisions"}],"predecessor-version":[{"id":2498,"href":"http:\/\/www.ilanlieberman.com\/en\/wp-json\/wp\/v2\/posts\/2410\/revisions\/2498"}],"wp:featuredmedia":[{"embeddable":true,"href":"http:\/\/www.ilanlieberman.com\/en\/wp-json\/wp\/v2\/media\/2423"}],"wp:attachment":[{"href":"http:\/\/www.ilanlieberman.com\/en\/wp-json\/wp\/v2\/media?parent=2410"}],"wp:term":[{"taxonomy":"category","embeddable":true,"href":"http:\/\/www.ilanlieberman.com\/en\/wp-json\/wp\/v2\/categories?post=2410"},{"taxonomy":"post_tag","embeddable":true,"href":"http:\/\/www.ilanlieberman.com\/en\/wp-json\/wp\/v2\/tags?post=2410"}],"curies":[{"name":"wp","href":"https:\/\/api.w.org\/{rel}","templated":true}]}}